{"id":1837,"date":"2025-01-18T09:33:04","date_gmt":"2025-01-18T07:33:04","guid":{"rendered":"https:\/\/www.kyifratsastus.com\/wordpress\/?p=1837"},"modified":"2025-08-25T12:07:05","modified_gmt":"2025-08-25T09:07:05","slug":"kevatkauden-tapahtumat-2025","status":"publish","type":"post","link":"https:\/\/www.kyifratsastus.com\/wordpress\/kevatkauden-tapahtumat-2025\/","title":{"rendered":"Kev\u00e4tkauden tapahtumat 2025"},"content":{"rendered":"\n<p><strong>Helmikuu:<\/strong><\/p>\n\n\n\n<p>15.2. Ponikerho<\/p>\n\n\n\n<p><strong>Maaliskuu:<\/strong><\/p>\n\n\n\n<p>2.3. Koulukisoihin valmisteleva demo- ja valmennustilaisuus, Tiina Tarkkala (<a href=\"https:\/\/www.kyifratsastus.com\/koulukisat-9-3-2025-valmistava-valmennus-2-3-2025\/\" data-type=\"URL\" data-id=\"https:\/\/www.kyifratsastus.com\/koulukisat-9-3-2025-valmistava-valmennus-2-3-2025\/\" target=\"_blank\" rel=\"noreferrer noopener\">linkki<\/a>)<\/p>\n\n\n\n<p>9.3. Koulukisat (<a href=\"https:\/\/www.kyifratsastus.com\/koulukisat-9-3-2025-valmistava-valmennus-2-3-2025\/\" data-type=\"URL\" data-id=\"https:\/\/www.kyifratsastus.com\/koulukisat-9-3-2025-valmistava-valmennus-2-3-2025\/\" target=\"_blank\" rel=\"noreferrer noopener\">linkki<\/a>)<\/p>\n\n\n\n<p>16.3. Estekisat (<a href=\"https:\/\/www.kyifratsastus.com\/estekisat-16-3-2025\/\" data-type=\"URL\" data-id=\"https:\/\/www.kyifratsastus.com\/estekisat-16-3-2025\/\" target=\"_blank\" rel=\"noreferrer noopener\">linkki<\/a>)<\/p>\n\n\n\n<p>20.3. <mark style=\"background-color:rgba(0, 0, 0, 0)\" class=\"has-inline-color has-black-color\">Kev\u00e4tkokous<\/mark> (<a href=\"https:\/\/www.kyifratsastus.com\/kevatkokous-20-3-2025\/\" data-type=\"URL\" data-id=\"https:\/\/www.kyifratsastus.com\/kevatkokous-20-3-2025\/\" target=\"_blank\" rel=\"noreferrer noopener\">linkki<\/a>)<\/p>\n\n\n\n<p>23.3. Ryhmis -kisap\u00e4iv\u00e4 (<a rel=\"noreferrer noopener\" href=\"https:\/\/www.kyifratsastus.com\/ryhmis-kilpailupaiva\/\" data-type=\"URL\" data-id=\"https:\/\/www.kyifratsastus.com\/ryhmis-kilpailupaiva\/\" target=\"_blank\">linkki<\/a>)<\/p>\n\n\n\n<p><strong>Huhtikuu:<\/strong><\/p>\n\n\n\n<p>6.4. Koulukisoihin valmisteleva demo- ja valmennustilaisuus <a href=\"https:\/\/www.kyifratsastus.com\/koulukisat-13-4-2025-valmisteleva-valmennus-demo-6-4-2025\/\" data-type=\"URL\" data-id=\"https:\/\/www.kyifratsastus.com\/koulukisat-13-4-2025-valmisteleva-valmennus-demo-6-4-2025\/\" target=\"_blank\" rel=\"noreferrer noopener\">(linkki<\/a>)<\/p>\n\n\n\n<p>13.4. Koulukisat <a href=\"https:\/\/www.kyifratsastus.com\/koulukisat-13-4-2025-valmisteleva-valmennus-demo-6-4-2025\/\" data-type=\"URL\" data-id=\"https:\/\/www.kyifratsastus.com\/koulukisat-13-4-2025-valmisteleva-valmennus-demo-6-4-2025\/\" target=\"_blank\" rel=\"noreferrer noopener\">(linkki<\/a>)<\/p>\n\n\n\n<p>26.4. Ponikerho<\/p>\n\n\n\n<p><strong>Toukokuu:<\/strong><\/p>\n\n\n\n<p>4.5. Estekisoihin valmisteleva demo- ja valmennustilaisuus (<a href=\"https:\/\/www.kyifratsastus.com\/estekisat-10-11-5-2025-demo-4-5-2025\/\" data-type=\"URL\" data-id=\"https:\/\/www.kyifratsastus.com\/estekisat-10-11-5-2025-demo-4-5-2025\/\" target=\"_blank\" rel=\"noreferrer noopener\">linkki<\/a>)<\/p>\n\n\n\n<p>8.5. Tiina Tarkkalan luento (<a href=\"https:\/\/www.kyifratsastus.com\/tiina-tarkkalan-luento-8-5-2025\/\" data-type=\"URL\" data-id=\"https:\/\/www.kyifratsastus.com\/tiina-tarkkalan-luento-8-5-2025\/\" target=\"_blank\" rel=\"noreferrer noopener\">linkki<\/a>)<\/p>\n\n\n\n<p>11.5. Estekisat (<a href=\"https:\/\/www.kyifratsastus.com\/estekisat-10-11-5-2025-demo-4-5-2025\/\" data-type=\"URL\" data-id=\"https:\/\/www.kyifratsastus.com\/estekisat-10-11-5-2025-demo-4-5-2025\/\" target=\"_blank\" rel=\"noreferrer noopener\">linkki<\/a>)<\/p>\n\n\n\n<p>25.5. Knattekisat (<a href=\"https:\/\/www.kyifratsastus.com\/knattekisat-25-5-2025\/\" data-type=\"URL\" data-id=\"https:\/\/www.kyifratsastus.com\/knattekisat-25-5-2025\/\" target=\"_blank\" rel=\"noreferrer noopener\">linkk<\/a>i)<\/p>\n\n\n\n<p><strong>Kes\u00e4kuu:<\/strong><\/p>\n\n\n\n<p>15.6. Seuran j\u00e4rjest\u00e4m\u00e4 retki Yp\u00e4j\u00e4lle <a href=\"https:\/\/www.kyifratsastus.com\/wordpress\/wp-content\/uploads\/2025\/05\/Kesaretki-Ypajalle-su-15.6.2025-Summer-Festival.docx.pdf\" data-type=\"URL\" data-id=\"https:\/\/www.kyifratsastus.com\/wordpress\/wp-content\/uploads\/2025\/05\/Kesaretki-Ypajalle-su-15.6.2025-Summer-Festival.docx.pdf\" target=\"_blank\" rel=\"noreferrer noopener\">(linkki<\/a>)<\/p>\n\n\n\n<p>\ud83c\udf38 \ud83c\udf38 \ud83c\udf38<\/p>\n\n\n\n<p><a rel=\"noreferrer noopener\" href=\"https:\/\/www.kyifratsastus.com\/wordpress\/wp-content\/uploads\/2025\/01\/Ohjelmamainos-kevat-2025-15.1.2025.docx.pdf\" data-type=\"URL\" data-id=\"https:\/\/www.kyifratsastus.com\/wordpress\/wp-content\/uploads\/2025\/01\/Ohjelmamainos-kevat-2025-15.1.2025.docx.pdf\" target=\"_blank\">T\u00e4ss\u00e4<\/a> viel\u00e4 kooste koko kev\u00e4\u00e4n tapahtumista.<\/p>\n\n\n\n<p>\ud83c\udf38 \ud83c\udf38 \ud83c\udf38<\/p>\n","protected":false},"excerpt":{"rendered":"<p>Helmikuu: 15.2. Ponikerho Maaliskuu: 2.3. Koulukisoihin valmisteleva demo- ja valmennustilaisuus, Tiina Tarkkala (linkki) 9.3. Koulukisat (linkki) 16.3. Estekisat (linkki) 20.3. Kev\u00e4tkokous (linkki) 23.3. Ryhmis -kisap\u00e4iv\u00e4 (linkki) Huhtikuu: 6.4. Koulukisoihin valmisteleva &hellip; <\/p>\n<p class=\"link-more\"><a href=\"https:\/\/www.kyifratsastus.com\/wordpress\/kevatkauden-tapahtumat-2025\/\" class=\"more-link\">Jatka lukemista<span class=\"screen-reader-text\"> &#8221;Kev\u00e4tkauden tapahtumat 2025&#8221;<\/span><\/a><\/p>\n","protected":false},"author":4,"featured_media":0,"comment_status":"closed","ping_status":"closed","sticky":false,"template":"","format":"standard","meta":{"_EventAllDay":false,"_EventTimezone":"","_EventStartDate":"","_EventEndDate":"","_EventStartDateUTC":"","_EventEndDateUTC":"","_EventShowMap":false,"_EventShowMapLink":false,"_EventURL":"","_EventCost":"","_EventCostDescription":"","_EventCurrencySymbol":"","_EventCurrencyCode":"","_EventCurrencyPosition":"","_EventDateTimeSeparator":"","_EventTimeRangeSeparator":"","_EventOrganizerID":[],"_EventVenueID":[],"_OrganizerEmail":"","_OrganizerPhone":"","_OrganizerWebsite":"","_VenueAddress":"","_VenueCity":"","_VenueCountry":"","_VenueProvince":"","_VenueState":"","_VenueZip":"","_VenuePhone":"","_VenueURL":"","_VenueStateProvince":"","_VenueLat":"","_VenueLng":"","_VenueShowMap":false,"_VenueShowMapLink":false,"footnotes":""},"categories":[1],"tags":[],"class_list":["post-1837","post","type-post","status-publish","format-standard","hentry","category-uncategorized"],"_links":{"self":[{"href":"https:\/\/www.kyifratsastus.com\/wordpress\/wp-json\/wp\/v2\/posts\/1837","targetHints":{"allow":["GET"]}}],"collection":[{"href":"https:\/\/www.kyifratsastus.com\/wordpress\/wp-json\/wp\/v2\/posts"}],"about":[{"href":"https:\/\/www.kyifratsastus.com\/wordpress\/wp-json\/wp\/v2\/types\/post"}],"author":[{"embeddable":true,"href":"https:\/\/www.kyifratsastus.com\/wordpress\/wp-json\/wp\/v2\/users\/4"}],"replies":[{"embeddable":true,"href":"https:\/\/www.kyifratsastus.com\/wordpress\/wp-json\/wp\/v2\/comments?post=1837"}],"version-history":[{"count":12,"href":"https:\/\/www.kyifratsastus.com\/wordpress\/wp-json\/wp\/v2\/posts\/1837\/revisions"}],"predecessor-version":[{"id":1919,"href":"https:\/\/www.kyifratsastus.com\/wordpress\/wp-json\/wp\/v2\/posts\/1837\/revisions\/1919"}],"wp:attachment":[{"href":"https:\/\/www.kyifratsastus.com\/wordpress\/wp-json\/wp\/v2\/media?parent=1837"}],"wp:term":[{"taxonomy":"category","embeddable":true,"href":"https:\/\/www.kyifratsastus.com\/wordpress\/wp-json\/wp\/v2\/categories?post=1837"},{"taxonomy":"post_tag","embeddable":true,"href":"https:\/\/www.kyifratsastus.com\/wordpress\/wp-json\/wp\/v2\/tags?post=1837"}],"curies":[{"name":"wp","href":"https:\/\/api.w.org\/{rel}","templated":true}]}}