{"id":1896,"date":"2025-04-26T15:06:08","date_gmt":"2025-04-26T12:06:08","guid":{"rendered":"https:\/\/www.kyifratsastus.com\/wordpress\/?p=1896"},"modified":"2025-04-26T15:06:08","modified_gmt":"2025-04-26T12:06:08","slug":"tiina-tarkkalan-luento-8-5-2025","status":"publish","type":"post","link":"https:\/\/www.kyifratsastus.com\/wordpress\/tiina-tarkkalan-luento-8-5-2025\/","title":{"rendered":"Tiina Tarkkalan luento 8.5.2025"},"content":{"rendered":"\n<figure class=\"wp-block-gallery has-nested-images columns-default is-cropped wp-block-gallery-1 is-layout-flex wp-block-gallery-is-layout-flex\">\n<figure class=\"wp-block-image size-large\"><a href=\"https:\/\/www.kyifratsastus.com\/wordpress\/wp-content\/uploads\/2025\/04\/Nayttokuva-2025-04-26-150305.jpg\"><img loading=\"lazy\" decoding=\"async\" width=\"564\" height=\"784\" data-id=\"1898\" src=\"https:\/\/www.kyifratsastus.com\/wordpress\/wp-content\/uploads\/2025\/04\/Nayttokuva-2025-04-26-150305.jpg\" alt=\"\" class=\"wp-image-1898\" srcset=\"https:\/\/www.kyifratsastus.com\/wordpress\/wp-content\/uploads\/2025\/04\/Nayttokuva-2025-04-26-150305.jpg 564w, https:\/\/www.kyifratsastus.com\/wordpress\/wp-content\/uploads\/2025\/04\/Nayttokuva-2025-04-26-150305-216x300.jpg 216w\" sizes=\"auto, (max-width: 564px) 100vw, 564px\" \/><\/a><\/figure>\n<\/figure>\n\n\n\n<p>KyIF Ratsastus ry j\u00e4rjest\u00e4\u00e4 to 8.5.2025 klo 18-19.30 kirjan<br>teemoihin liittyv\u00e4n luennon\/keskustelun (Ratsutila Wikner,<br>alatallin yl\u00e4kerta).<\/p>\n\n\n\n<p>Kev\u00e4\u00e4ll\u00e4 Wiknerill\u00e4 suositun valmennustilaisuuden pit\u00e4nyt Tiina<br>Tarkkala jakaa vuosikymmenten varrella saamiaan oppeja<br>ratsastuksesta!<\/p>\n\n\n\n<p>Samalla kuulemme kirjan taustoista ja nostamme teemoja kuten<br>hevosen oppiminen, apujen k\u00e4ytt\u00f6 ja tuntuma\/per\u00e4\u00e4nanto.<\/p>\n\n\n\n<p>Tilaisuus sopii kaikille lukutaitoisille, jotka haluavat oppia lis\u00e4\u00e4<br>ratsastuksesta ja lis\u00e4t\u00e4 ymm\u00e4rryst\u00e4 hevosen k\u00e4ytt\u00e4ytymiselle.<\/p>\n\n\n\n<p>Tilaisuus on maksuton, mutta ilmoittauduthan mukaan saluunan<br>p\u00f6yd\u00e4ll\u00e4 olevaan listaan, viimeist\u00e4\u00e4n ti 6.5.<\/p>\n\n\n\n<p>Sima ja munkkitarjoilut!<\/p>\n\n\n\n<p>Osallistujien kesken arvomme 5 kirjaa!<\/p>\n","protected":false},"excerpt":{"rendered":"<p>KyIF Ratsastus ry j\u00e4rjest\u00e4\u00e4 to 8.5.2025 klo 18-19.30 kirjanteemoihin liittyv\u00e4n luennon\/keskustelun (Ratsutila Wikner,alatallin yl\u00e4kerta). Kev\u00e4\u00e4ll\u00e4 Wiknerill\u00e4 suositun valmennustilaisuuden pit\u00e4nyt TiinaTarkkala jakaa vuosikymmenten varrella saamiaan oppejaratsastuksesta! Samalla kuulemme kirjan taustoista ja &hellip; <\/p>\n<p class=\"link-more\"><a href=\"https:\/\/www.kyifratsastus.com\/wordpress\/tiina-tarkkalan-luento-8-5-2025\/\" class=\"more-link\">Jatka lukemista<span class=\"screen-reader-text\"> &#8221;Tiina Tarkkalan luento 8.5.2025&#8221;<\/span><\/a><\/p>\n","protected":false},"author":4,"featured_media":0,"comment_status":"closed","ping_status":"closed","sticky":false,"template":"","format":"standard","meta":{"_EventAllDay":false,"_EventTimezone":"","_EventStartDate":"","_EventEndDate":"","_EventStartDateUTC":"","_EventEndDateUTC":"","_EventShowMap":false,"_EventShowMapLink":false,"_EventURL":"","_EventCost":"","_EventCostDescription":"","_EventCurrencySymbol":"","_EventCurrencyCode":"","_EventCurrencyPosition":"","_EventDateTimeSeparator":"","_EventTimeRangeSeparator":"","_EventOrganizerID":[],"_EventVenueID":[],"_OrganizerEmail":"","_OrganizerPhone":"","_OrganizerWebsite":"","_VenueAddress":"","_VenueCity":"","_VenueCountry":"","_VenueProvince":"","_VenueState":"","_VenueZip":"","_VenuePhone":"","_VenueURL":"","_VenueStateProvince":"","_VenueLat":"","_VenueLng":"","_VenueShowMap":false,"_VenueShowMapLink":false,"footnotes":""},"categories":[1],"tags":[],"class_list":["post-1896","post","type-post","status-publish","format-standard","hentry","category-uncategorized"],"_links":{"self":[{"href":"https:\/\/www.kyifratsastus.com\/wordpress\/wp-json\/wp\/v2\/posts\/1896","targetHints":{"allow":["GET"]}}],"collection":[{"href":"https:\/\/www.kyifratsastus.com\/wordpress\/wp-json\/wp\/v2\/posts"}],"about":[{"href":"https:\/\/www.kyifratsastus.com\/wordpress\/wp-json\/wp\/v2\/types\/post"}],"author":[{"embeddable":true,"href":"https:\/\/www.kyifratsastus.com\/wordpress\/wp-json\/wp\/v2\/users\/4"}],"replies":[{"embeddable":true,"href":"https:\/\/www.kyifratsastus.com\/wordpress\/wp-json\/wp\/v2\/comments?post=1896"}],"version-history":[{"count":1,"href":"https:\/\/www.kyifratsastus.com\/wordpress\/wp-json\/wp\/v2\/posts\/1896\/revisions"}],"predecessor-version":[{"id":1899,"href":"https:\/\/www.kyifratsastus.com\/wordpress\/wp-json\/wp\/v2\/posts\/1896\/revisions\/1899"}],"wp:attachment":[{"href":"https:\/\/www.kyifratsastus.com\/wordpress\/wp-json\/wp\/v2\/media?parent=1896"}],"wp:term":[{"taxonomy":"category","embeddable":true,"href":"https:\/\/www.kyifratsastus.com\/wordpress\/wp-json\/wp\/v2\/categories?post=1896"},{"taxonomy":"post_tag","embeddable":true,"href":"https:\/\/www.kyifratsastus.com\/wordpress\/wp-json\/wp\/v2\/tags?post=1896"}],"curies":[{"name":"wp","href":"https:\/\/api.w.org\/{rel}","templated":true}]}}